[{"@context":"https:\/\/schema.org\/","@type":"Article","@id":"https:\/\/www.widenet.cz\/vice-svetla-vice-elanu\/#Article","mainEntityOfPage":"https:\/\/www.widenet.cz\/vice-svetla-vice-elanu\/","headline":"V\u00edce sv\u011btla, v\u00edce el\u00e1nu!","name":"V\u00edce sv\u011btla, v\u00edce el\u00e1nu!","description":"Zrcadlo, zrcadlo\u2026 Skute\u010dn\u011b, zrcadla r\u016fzn\u00fdch velikost\u00ed a tvar\u016f dok\u00e1\u017e\u00ed opravdov\u00e9 z\u00e1zraky. Opticky v\u00e1m v\u00fdrazn\u011b zv\u011bt\u0161\u00ed [&hellip;]","datePublished":"2020-01-12","dateModified":"2023-04-27","author":{"@type":"Person","@id":"https:\/\/www.widenet.cz\/author\/#Person","name":"","url":"https:\/\/www.widenet.cz\/author\/","identifier":1,"image":{"@type":"ImageObject","@id":"https:\/\/secure.gravatar.com\/avatar\/614460c3109f6ef46730ae87c5e2be623f574940fabcec1214dc0d8d5af688cf?s=96&d=mm&r=g","url":"https:\/\/secure.gravatar.com\/avatar\/614460c3109f6ef46730ae87c5e2be623f574940fabcec1214dc0d8d5af688cf?s=96&d=mm&r=g","height":96,"width":96}},"publisher":{"@type":"Organization","name":"widenet.cz","logo":{"@type":"ImageObject","@id":"\/logo.png","url":"\/logo.png","width":600,"height":60}},"image":{"@type":"ImageObject","@id":"https:\/\/www.widenet.cz\/wp-content\/uploads\/img_a367277_w1731_t1579767588.jpg","url":"https:\/\/www.widenet.cz\/wp-content\/uploads\/img_a367277_w1731_t1579767588.jpg","height":0,"width":0},"url":"https:\/\/www.widenet.cz\/vice-svetla-vice-elanu\/","about":["Byt\r"],"wordCount":572,"articleBody":"\tZrcadlo, zrcadlo\u2026\tSkute\u010dn\u011b, zrcadla r\u016fzn\u00fdch velikost\u00ed a tvar\u016f dok\u00e1\u017e\u00ed opravdov\u00e9 z\u00e1zraky. Opticky v\u00e1m v\u00fdrazn\u011b zv\u011bt\u0161\u00ed m\u00edstnost, a to i ve velmi \u00fatl\u00e9 tmav\u00e9 chodbi\u010dce bez celodenn\u00edho p\u0159irozen\u00e9ho sv\u011btla. Jenom si dejte pozor, aby se v\u00e1m v zrcadle neodr\u00e1\u017eela p\u0159\u00edpadn\u011b p\u0159\u00edli\u0161 n\u00edzko zav\u011b\u0161en\u00e1 lampa. Zrcadlo m\u00e1 slou\u017eit sp\u00ed\u0161e pro rozptyl sv\u011btla ze sv\u00edtidla, jinak byste si p\u0159ipadali jako ve sklen\u011bn\u00e9m bludi\u0161ti. Dobr\u00fdm pomocn\u00edkem pr\u00e1v\u011b v tmav\u00e9 chodb\u011b mohou b\u00fdt zrcadlov\u00e9 tapety, kter\u00e9 budou slu\u0161et \u0161atn\u00ed sk\u0159\u00edni. V m\u00edstnosti, kam denn\u011b zav\u00edt\u00e1 p\u0159irozen\u00e9 sv\u011btlo zven\u010d\u00ed, je ide\u00e1ln\u00ed pov\u011bsit zrcadlo na ze\u010f, kter\u00e1 je kolmo ke zdi s oknem tak, aby bylo oknu dostate\u010dn\u011b bl\u00edzko, cca metr od rohu, a op\u011bt slou\u017eilo jako bl\u00edzk\u00fd \u201erozptylova\u010d\u201c p\u0159irozen\u00e9ho sv\u011btla. P\u0159itom ani do velk\u00e9ho zrcadla nemus\u00edte hned investovat tis\u00edce. Zkuste se nejd\u0159\u00edve poohl\u00e9dnout po bazarech, a pokud m\u00e1 star\u0161\u00ed zrcadlo nev\u00e1bn\u00fd r\u00e1m, nechte si ho nov\u011b zar\u00e1movat.\t\u00a0\tStar\u00fd dobr\u00fd textil\tS textilem v\u0161eho druhu se d\u00e1 tak\u00e9 dost dob\u0159e kouzlit. Zam\u011b\u0159te se v prvn\u00ed \u0159ad\u011b op\u011bt na okna. Napadlo v\u00e1s n\u011bkdy, pro\u010d seversk\u00e9 n\u00e1rody maj\u00ed v\u011bt\u0161inu oken bez z\u00e1v\u011bs\u016f? Hlavn\u00edm d\u016fvodem je, \u017ee nejen z\u00e1v\u011bsy, ale i z\u00e1clony zbavuj\u00ed m\u00edstnost sv\u011btla o n\u011bkolik procent. A sv\u011btlo je v tamn\u00edch kraj\u00edch vysokou hodnotou. Ale pokl\u00e1d\u00e1te-li za nutn\u00e9 m\u00edt na oknech textil, alespo\u0148 si po\u0159i\u010fte ten\u010d\u00ed, a v co nejsv\u011btlej\u0161\u00edch pastelov\u00fdch odst\u00ednech, proto\u017ee i rozta\u017een\u00e9 z\u00e1v\u011bsy v\u00e1s ochuzuj\u00ed o venkovn\u00ed sv\u011btlo. Nejste-li si jist\u00ed, pov\u011bste si do oken na zkou\u0161ku v\u011bt\u0161\u00ed kus sv\u011btl\u00e9 l\u00e1tky a uvid\u00edte rozd\u00edl.\t\u00a0\tKuchyn\u011b a n\u00e1bytek\tJednodu\u0161e \u0159e\u010deno, \u010demukoli v byt\u011b m\u016f\u017eete d\u00e1t nov\u00fd sv\u011btlej\u0161\u00ed kab\u00e1t, vyu\u017eijte toho. Kuchy\u0148 s hn\u011bdou, zelenou, modrou, a podobn\u011b jinak zbarvenou linkou, m\u016f\u017eete upravit p\u0159est\u0159\u00edk\u00e1n\u00edm dv\u00ed\u0159ek, co\u017e je se sou\u010dasnou nab\u00eddkou kvalitn\u00edch barev ve sprej\u00edch mo\u017en\u00e9 i u lamin\u00e1tov\u00fdch linek. Dra\u017e\u0161\u00ed mo\u017enost je dv\u00ed\u0159ka zcela vym\u011bnit. A \u00fapln\u011b nejjednodu\u0161\u0161\u00ed je dv\u00ed\u0159ka prost\u011b sundat. Otev\u0159en\u00e9 police p\u016fsob\u00ed vzdu\u0161n\u011b a opticky roz\u0161i\u0159uj\u00ed prostor. V ostatn\u00edch m\u00edstnostech m\u016f\u017eete postupovat podobn\u00fdm zp\u016fsobem, to znamen\u00e1, bu\u010f renovac\u00ed anebo v\u00fdm\u011bnou tmav\u00e9ho n\u00e1bytku za sv\u011btl\u00fd.\u00a0 Co se barev v m\u00edstnosti t\u00fd\u010de, b\u00edl\u00e1 je dobr\u00e1, ale ne v\u017edycky a na v\u0161em. Nav\u00edc, jestli se nechcete v byt\u011b c\u00edtit jako v nemocnici, nebojte se naopak pou\u017e\u00edt na n\u00e1bytku a dopl\u0148c\u00edch i syt\u00e9 t\u00f3ny \u017elut\u00e9, zelen\u00e9, fialov\u00e9 nebo modr\u00e9, kter\u00e9 dok\u00e1\u017e\u00ed m\u00edstnost doslova proz\u00e1\u0159it, ale takov\u00fdch kousk\u016f by nem\u011blo b\u00fdt v\u00edce ne\u017e dva, a z\u00e1rove\u0148 by spolu m\u011bly ladit. A tak\u00e9 zva\u017ete, jestli toho v mal\u00e9m byt\u011b opravdu tolik pot\u0159ebujete. M\u00e9n\u011b v\u011bc\u00ed znamen\u00e1 nejen v\u00edce m\u00edsta, ale i sv\u011btla!\u00a0                                                                                                                                                                                                                                                                                                                                                                                        4.3\/5 - (7 votes)        "},{"@context":"https:\/\/schema.org\/","@type":"BreadcrumbList","itemListElement":[{"@type":"ListItem","position":1,"name":"V\u00edce sv\u011btla, v\u00edce el\u00e1nu!","item":"https:\/\/www.widenet.cz\/vice-svetla-vice-elanu\/#breadcrumbitem"}]}]