[{"@context":"https:\/\/schema.org\/","@type":"Article","@id":"https:\/\/www.widenet.cz\/tesite-se-na-leto-protoze-si-od-dovolene-na-plazi-slibujete-ze-se-konecne-krasne-opalite\/#Article","mainEntityOfPage":"https:\/\/www.widenet.cz\/tesite-se-na-leto-protoze-si-od-dovolene-na-plazi-slibujete-ze-se-konecne-krasne-opalite\/","headline":"T\u011b\u0161\u00edte se na l\u00e9to, proto\u017ee si od dovolen\u00e9 na pl\u00e1\u017ei slibujete, \u017ee se kone\u010dn\u011b kr\u00e1sn\u011b op\u00e1l\u00edte?","name":"T\u011b\u0161\u00edte se na l\u00e9to, proto\u017ee si od dovolen\u00e9 na pl\u00e1\u017ei slibujete, \u017ee se kone\u010dn\u011b kr\u00e1sn\u011b op\u00e1l\u00edte?","description":"V tom p\u0159\u00edpad\u011b budete n\u00e1sleduj\u00edc\u00ed informac\u00ed mo\u017en\u00e1 trochu zklaman\u00ed \u2013 v l\u00e9t\u011b u\u017e je na [&hellip;]","datePublished":"2020-02-08","dateModified":"2024-01-03","author":{"@type":"Person","@id":"https:\/\/www.widenet.cz\/author\/#Person","name":"","url":"https:\/\/www.widenet.cz\/author\/","identifier":1,"image":{"@type":"ImageObject","@id":"https:\/\/secure.gravatar.com\/avatar\/614460c3109f6ef46730ae87c5e2be623f574940fabcec1214dc0d8d5af688cf?s=96&d=mm&r=g","url":"https:\/\/secure.gravatar.com\/avatar\/614460c3109f6ef46730ae87c5e2be623f574940fabcec1214dc0d8d5af688cf?s=96&d=mm&r=g","height":96,"width":96}},"publisher":{"@type":"Organization","name":"widenet.cz","logo":{"@type":"ImageObject","@id":"\/logo.png","url":"\/logo.png","width":600,"height":60}},"image":{"@type":"ImageObject","@id":"https:\/\/www.widenet.cz\/wp-content\/uploads\/img_a374912_w1731_t1586863104.jpg","url":"https:\/\/www.widenet.cz\/wp-content\/uploads\/img_a374912_w1731_t1586863104.jpg","height":0,"width":0},"url":"https:\/\/www.widenet.cz\/tesite-se-na-leto-protoze-si-od-dovolene-na-plazi-slibujete-ze-se-konecne-krasne-opalite\/","about":["Zdrav\u00ed a \u017eivotn\u00ed styl"],"wordCount":421,"articleBody":"        V tom p\u0159\u00edpad\u011b budete n\u00e1sleduj\u00edc\u00ed informac\u00ed mo\u017en\u00e1 trochu zklaman\u00ed \u2013 v l\u00e9t\u011b u\u017e je na opalov\u00e1n\u00ed pozd\u011b! I kdybyste na dovolenou k mo\u0159i vyrazili hned v \u010dervnu, tak plat\u00ed, \u017ee touto dobou u\u017e byste m\u011bli b\u00fdt dokonale p\u0159ipraveni. Tedy alespo\u0148 v p\u0159\u00edpad\u011b, kdy pat\u0159\u00edte k t\u011bm, kter\u00fdm na jejich vzhledu opravdu z\u00e1le\u017e\u00ed. Kdo chce b\u00fdt dokonal\u00fd, nesm\u00ed nikdy podcenit situaci, mus\u00ed b\u00fdt v\u017edy pln\u011b p\u0159ipraven, a mus\u00ed v\u011bd\u011bt, kdy je ten prav\u00fd \u010das za\u010d\u00edt na sob\u011b pracovat (tedy v p\u0159\u00edpad\u011b, \u017ee to ned\u011bl\u00e1te pravideln\u011b cel\u00fd rok). Tak\u017ee ten prav\u00fd \u010das na to, abyste z\u00edskali tu spr\u00e1vnou barvu, je na ja\u0159e. Zkr\u00e1tka proto, \u017ee pr\u00e1v\u011b v tomto ro\u010dn\u00edm obdob\u00ed za\u010d\u00edn\u00e1me postupn\u011b odhazovat svrchn\u00ed kousky oble\u010den\u00ed a odhalovat sv\u00e9 t\u011blo. A jakmile za\u010dne slunce h\u0159\u00e1t do t\u00e9 m\u00edry, \u017ee je \u010das vyn\u00e9st mezi lidi nov\u00e9 letn\u00ed \u0161aty s hlubok\u00fdm v\u00fdst\u0159ihem anebo s odhalen\u00fdmi z\u00e1dy, tak u\u017e va\u0161e barva poko\u017eky mus\u00ed b\u00fdt sto procentn\u00ed \u2013 p\u0159\u00edjemn\u011b hn\u011bd\u00e1, zdrav\u00e1, jednolit\u00e1. A takovou kr\u00e1snou bravu m\u016f\u017eete v ten prav\u00fd \u010das z\u00edskat jen na jednom jedin\u00e9m m\u00edst\u011b \u2013 v sol\u00e1riu v Brn\u011b. Sta\u010d\u00ed, kdy\u017e za\u010dnete opalovac\u00ed studio nav\u0161t\u011bvovat ji\u017e na ja\u0159e, tedy s dostate\u010dn\u00fdm p\u0159edstihem v\u017edy na n\u011bkolik minut t\u00fddn\u011b. Pak budete m\u00edt jistotu, \u017ee se postupn\u011b zdrav\u011b, \u0161etrn\u011b, a p\u0159edev\u0161\u00edm dokonale op\u00e1l\u00edte. (I kdy\u017e je pravda, \u017ee v sol\u00e1riu s dobr\u00fdm vybaven\u00edm se d\u00e1 ledacos zachr\u00e1nit i na posledn\u00ed chv\u00edli, t\u0159eba p\u0159ed odjezdem na dovolenou, anebo p\u0159ed plesovou sez\u00f3nou.) Op\u00e1len\u00ed, kter\u00e9 zde z\u00edsk\u00e1te, se s t\u00edm, kter\u00e9 si m\u016f\u017eete po\u0159\u00eddit na dovolen\u00e9, ned\u00e1 v\u016fbec srovnat. https:\/\/www.milujemefotografii.cz\/srovnejte-si-horizonty-v-programu-zoner-photo-studio-13  Nav\u00edc, pr\u00e1v\u011b na dovolenou, kde se budete neust\u00e1le ukazovat v plavk\u00e1ch, byste m\u011bli zam\u00ed\u0159it ji\u017e pln\u011b p\u0159ipraven\u00ed, abyste na v\u0161echny okolo ud\u011blali ten nejlep\u0161\u00ed dojem. Nem\u016f\u017ee b\u00fdt nic hor\u0161\u00edho, ne\u017e tvarohov\u011b b\u00edl\u00e1 poko\u017eka prvn\u00ed den na pl\u00e1\u017ei.Nav\u00edc, dokonalou jednolitou barvu bez nevzhledn\u00fdch skvrn a p\u0159echod\u016f v\u00e1m zajist\u00ed jen opalovac\u00ed stroj. Takovou ani na nudistick\u00e9 pl\u00e1\u017ei nez\u00edsk\u00e1te.                                                                                                                                                                                                                                                                                                                                                                                          4.2\/5 - (5 votes)        "},{"@context":"https:\/\/schema.org\/","@type":"BreadcrumbList","itemListElement":[{"@type":"ListItem","position":1,"name":"T\u011b\u0161\u00edte se na l\u00e9to, proto\u017ee si od dovolen\u00e9 na pl\u00e1\u017ei slibujete, \u017ee se kone\u010dn\u011b kr\u00e1sn\u011b op\u00e1l\u00edte?","item":"https:\/\/www.widenet.cz\/tesite-se-na-leto-protoze-si-od-dovolene-na-plazi-slibujete-ze-se-konecne-krasne-opalite\/#breadcrumbitem"}]}]