[{"@context":"https:\/\/schema.org\/","@type":"Article","@id":"https:\/\/www.widenet.cz\/svatek-mody-aneb-fashion-week\/#Article","mainEntityOfPage":"https:\/\/www.widenet.cz\/svatek-mody-aneb-fashion-week\/","headline":"Sv\u00e1tek m\u00f3dy aneb Fashion week","name":"Sv\u00e1tek m\u00f3dy aneb Fashion week","description":"Fashion week, jak u\u017e n\u00e1zev napov\u00edd\u00e1, trv\u00e1 p\u0159ibli\u017en\u011b jeden t\u00fdden. M\u00f3dn\u00ed n\u00e1vrh\u00e1\u0159i, zna\u010dky a m\u00f3dn\u00ed [&hellip;]","datePublished":"2017-01-02","dateModified":"2023-04-27","author":{"@type":"Person","@id":"https:\/\/www.widenet.cz\/author\/#Person","name":"","url":"https:\/\/www.widenet.cz\/author\/","identifier":1,"image":{"@type":"ImageObject","@id":"https:\/\/secure.gravatar.com\/avatar\/614460c3109f6ef46730ae87c5e2be623f574940fabcec1214dc0d8d5af688cf?s=96&d=mm&r=g","url":"https:\/\/secure.gravatar.com\/avatar\/614460c3109f6ef46730ae87c5e2be623f574940fabcec1214dc0d8d5af688cf?s=96&d=mm&r=g","height":96,"width":96}},"publisher":{"@type":"Organization","name":"widenet.cz","logo":{"@type":"ImageObject","@id":"\/logo.png","url":"\/logo.png","width":600,"height":60}},"url":"https:\/\/www.widenet.cz\/svatek-mody-aneb-fashion-week\/","wordCount":414,"articleBody":"Fashion week, jak u\u017e n\u00e1zev napov\u00edd\u00e1, trv\u00e1 p\u0159ibli\u017en\u011b jeden t\u00fdden. M\u00f3dn\u00ed n\u00e1vrh\u00e1\u0159i, zna\u010dky a m\u00f3dn\u00ed domy zde prezentuj\u00ed sv\u00e9 nejnov\u011bj\u0161\u00ed kolekce a ukazuj\u00ed je tak potenci\u00e1ln\u00edm kupc\u016fm a m\u00e9di\u00edm. Tyto ud\u00e1losti ovliv\u0148uj\u00ed trendy n\u00e1sleduj\u00edc\u00ed sez\u00f3ny. Nejv\u00fdznamn\u011bj\u0161\u00ed t\u00fdden m\u00f3dy se kon\u00e1 v\u00a0tzv. Big Four (Velk\u00e1 \u010dty\u0159ka) \u00a0\u2013 tedy ve m\u011bstech New York, Lond\u00fdn, Milano a Pa\u0159\u00ed\u017e, kter\u00e9 jsou tak\u00e9 pova\u017eov\u00e1ny za m\u011bsta m\u00f3dy. V\u00a0posledn\u00edch letech se p\u0159id\u00e1vaj\u00ed i dal\u0161\u00ed m\u011bsta, jako p\u0159\u00edklad lze uv\u00e9st Los Angeles, Berl\u00edn, \u0158\u00edm, Tokio, \u0160anghaj ale tak\u00e9 Prahu.Jednotliv\u00e9 t\u00fddny m\u00f3dy jsou rozd\u011blen\u00e9 do dvou kategori\u00ed a to pro mu\u017ee a \u017eeny. D\u00e1msk\u00e9 p\u0159ehl\u00eddky se v\u011bt\u0161inou konaj\u00ed v\u00a0\u00fanoru a pot\u00e9 na p\u0159elomu z\u00e1\u0159\u00ed a \u0159\u00edjna a to v\u00a0n\u00e1sleduj\u00edc\u00edm po\u0159ad\u00ed: New York, Lond\u00fdn, Mil\u00e1n a Pa\u0159\u00ed\u017e. P\u00e1nsk\u00fd fashion week se v\u011bt\u0161inou kon\u00e1 o n\u011bco d\u0159\u00edve, v\u00a0lednu a na p\u0159elomu \u010dervna a \u010dervence, s\u00a0t\u00edm rozd\u00edlem, \u017ee New York je m\u00edsto prvn\u00edho po\u0159ad\u00ed posledn\u00ed.Na Fashion weeku p\u0159edstavuj\u00ed sv\u00e9 kolekce zejm\u00e9na p\u0159edn\u00ed sv\u011btov\u00ed n\u00e1vrh\u00e1\u0159i. Uvid\u00edte tak nap\u0159\u00edklad p\u0159ehl\u00eddky model\u016f Dolce&amp; Gabbana, Victoria Beckham, Tommy Hilfiger, Dior, Gucci, Prada a dal\u0161\u00ed.I Praha po\u0159\u00e1d\u00e1 sv\u016fj vlastn\u00ed fashion week, pr\u00e1v\u011b po vzoru t\u011bch sv\u011btov\u00fdch. Pra\u017esk\u00fd t\u00fdden m\u00f3dy se sna\u017e\u00ed podporovat na\u0161e \u010desk\u00e9 m\u00f3dn\u00ed n\u00e1vrh\u00e1\u0159e a objevovat nov\u00e9 talenty v\u00a0oblasti m\u00f3dy a n\u00e1vrh\u00e1\u0159stv\u00ed, kte\u0159\u00ed zde v\u00a0premi\u00e9\u0159e odhaluj\u00ed sv\u00e9 aktu\u00e1ln\u00ed kolekce na p\u0159\u00ed\u0161t\u00ed sez\u00f3nu. Mohly jste tak v\u00a0minulosti vid\u011bt nap\u0159\u00edklad modely Jakuba Polanky, Daniely Pe\u0161kov\u00e9, Zuzany Kub\u00ed\u010dkov\u00e9 \u010di Petry Pt\u00e1\u010dkov\u00e9.Vstupenky se daj\u00ed sehnat od 2 000 K\u010d do 17\u00a0000 K\u010d a v\u011bt\u0161inou jsou brzy vyprodan\u00e9. Fashion week se sna\u017e\u00ed propojovat r\u016fzn\u00e9 um\u011bleck\u00e9 discipl\u00edny a soust\u0159ed\u00ed se na atraktivn\u00ed publikum ze sv\u011bta m\u00f3dy, designu, um\u011bn\u00ed a byznysu. Ka\u017edoro\u010dn\u011b jsou zde v\u00edt\u00e1ni v\u00fdznamn\u00ed \u010de\u0161t\u00ed i zahrani\u010dn\u00ed host\u00e9 a v\u00a0r\u00e1mci fashion weeku se kon\u00e1 i cel\u00e1 \u0159ada p\u0159idru\u017een\u00fdch akc\u00ed.                                                                                                                                                                                                                                                                                                                                                                                        4.9\/5 - (7 votes)        "},{"@context":"https:\/\/schema.org\/","@type":"BreadcrumbList","itemListElement":[{"@type":"ListItem","position":1,"name":"Sv\u00e1tek m\u00f3dy aneb Fashion week","item":"https:\/\/www.widenet.cz\/svatek-mody-aneb-fashion-week\/#breadcrumbitem"}]}]