[{"@context":"https:\/\/schema.org\/","@type":"Article","@id":"https:\/\/www.widenet.cz\/nove-modni-trendy\/#Article","mainEntityOfPage":"https:\/\/www.widenet.cz\/nove-modni-trendy\/","headline":"Nov\u00e9 m\u00f3dn\u00ed trendy","name":"Nov\u00e9 m\u00f3dn\u00ed trendy","description":"Pokud pat\u0159\u00edte sp\u00ed\u0161e mezi ty, kte\u0159\u00ed se dr\u017e\u00ed sv\u00e9ho osv\u011bd\u010den\u00e9ho vzhledu, zkuste alespo\u0148 mal\u00e9 experimenty [&hellip;]","datePublished":"2017-08-30","dateModified":"2023-04-27","author":{"@type":"Person","@id":"https:\/\/www.widenet.cz\/author\/#Person","name":"","url":"https:\/\/www.widenet.cz\/author\/","identifier":1,"image":{"@type":"ImageObject","@id":"https:\/\/secure.gravatar.com\/avatar\/614460c3109f6ef46730ae87c5e2be623f574940fabcec1214dc0d8d5af688cf?s=96&d=mm&r=g","url":"https:\/\/secure.gravatar.com\/avatar\/614460c3109f6ef46730ae87c5e2be623f574940fabcec1214dc0d8d5af688cf?s=96&d=mm&r=g","height":96,"width":96}},"publisher":{"@type":"Organization","name":"widenet.cz","logo":{"@type":"ImageObject","@id":"\/logo.png","url":"\/logo.png","width":600,"height":60}},"image":{"@type":"ImageObject","@id":"https:\/\/www.widenet.cz\/wp-content\/uploads\/img_a299408_w1731_t1509400686.jpg","url":"https:\/\/www.widenet.cz\/wp-content\/uploads\/img_a299408_w1731_t1509400686.jpg","height":0,"width":0},"url":"https:\/\/www.widenet.cz\/nove-modni-trendy\/","wordCount":392,"articleBody":"Pokud pat\u0159\u00edte sp\u00ed\u0161e mezi ty, kte\u0159\u00ed se dr\u017e\u00ed sv\u00e9ho osv\u011bd\u010den\u00e9ho vzhledu, zkuste alespo\u0148 mal\u00e9 experimenty z nejnov\u011bj\u0161\u00edch trend\u016f. Uvid\u00edte, \u017ee to za to stoj\u00ed. Zkusit m\u016f\u017eete i n\u011bco, co jste si v\u017edy myslela, \u017ee v\u00e1m to neslu\u0161\u00ed, jako nap\u0159\u00edklad modr\u00e9 o\u010dn\u00ed st\u00edny. \u00a0\u00b7\u00a0\u00a0\u00a0\u00a0\u00a0\u00a0\u00a0\u00a0 \u010cerven\u00e9 a oran\u017eov\u00e9 o\u010dn\u00ed st\u00ednyOsobit\u00fd styl dod\u00e1 takov\u00fdmto st\u00edn\u016fm jejich odst\u00edn. Pr\u00e1v\u011b ten by m\u011bl ladit s va\u0161\u00ed plet\u00ed a nem\u011bl by b\u00fdt p\u0159\u00edli\u0161 sv\u011btl\u00fd. Na o\u010d\u00edch vypad\u00e1 nap\u0159\u00edklad skv\u011ble i rt\u011bnka, anebo lesk na rty. Zbytek obli\u010deje potom v tomto p\u0159\u00edpad\u011b ponechejte nenal\u00ed\u010den\u00fd, ale z\u00e1kladem by m\u011bla b\u00fdt p\u0159edev\u0161\u00edm dokonal\u00e1 ple\u0165.\u00a7\u00a0 Pokud m\u00e1te ple\u0165 sv\u011btlej\u0161\u00ed, zvolte malinov\u00e9 odst\u00edny.\u00a7\u00a0 M\u00e1te-li ple\u0165 tmav\u0161\u00ed a olivovou, volte nejl\u00e9pe tepl\u00e9 barvy do oran\u017eova.\u00a0\u00b7\u00a0\u00a0\u00a0\u00a0\u00a0\u00a0\u00a0\u00a0 Kudrnat\u00e9 vlasyKudrliny a lokny se op\u011bt navrac\u00ed do m\u00f3dy. Pokud m\u00e1te p\u0159irozen\u011b kudrnat\u00e9, anebo vlnit\u00e9 vlasy, odte\u010f si je p\u0159esta\u0148te \u017eehlit, dop\u0159ejte jim chv\u00edli pauzu a ponechte je zase p\u0159irozen\u00e9. P\u0159irozen\u00e9 vlasy, kter\u00e9 nejsou p\u0159\u00edli\u0161 upravovan\u00e9, jsou nyn\u00ed v kurzu.\u00b7\u00a0\u00a0\u00a0\u00a0\u00a0\u00a0\u00a0\u00a0 Wet lookMokr\u00fd \u00fa\u010des je prost\u011b st\u00e1lic\u00ed v trendech. Navrac\u00ed se ji\u017e po n\u011bkolik sez\u00f3n. Zkuste jej nap\u0159\u00edklad pouze nave\u010der, s dokonal\u00fdm make-upem.\u00b7\u00a0\u00a0\u00a0\u00a0\u00a0\u00a0\u00a0\u00a0 Modr\u00e9 o\u010dn\u00ed linkyModr\u00fd odst\u00edn na o\u010d\u00edch se po dlouh\u00fdch letech op\u011bt navrac\u00ed do m\u00f3dy, a to v podob\u011b modr\u00fdch linek. Jsou n\u00e1padit\u00e9 a v\u00fdrazn\u00e9, ale p\u0159esto naprosto vhodn\u00e9 i jako denn\u00ed l\u00ed\u010den\u00ed. Modr\u00e9 linky je mo\u017en\u00e9 sladit s jakoukoli barvou o\u010d\u00ed i oble\u010den\u00ed. Klidn\u011b sm\u00edchejte v\u00edce odst\u00edn\u016f a vytvo\u0159te si modr\u00e9 st\u00edny.\u00b7\u00a0\u00a0\u00a0\u00a0\u00a0\u00a0\u00a0\u00a0 Barevn\u00e1 \u0159asenkaBarevn\u00e1 \u0159asenka vypad\u00e1 naprosto skv\u011ble k minimalistick\u00e9mu \u010dist\u00e9mu make-upu.\u00b7\u00a0\u00a0\u00a0\u00a0\u00a0\u00a0\u00a0\u00a0 Bez \u0159asenkyZkuste d\u00e1t va\u0161im \u0159as\u00e1m po n\u011bjakou dobu odpo\u010dinek, a v\u00e1m odpadnou starosti s pracn\u00fdm odli\u010dov\u00e1n\u00edm o\u010d\u00ed.\u00b7\u00a0\u00a0\u00a0\u00a0\u00a0\u00a0\u00a0\u00a0 Stylov\u00e1 ofinaLetos se nenos\u00ed \u017e\u00e1dn\u00e9 p\u0159ehnan\u00e9 upravov\u00e1n\u00ed \u00fa\u010des\u016f, bu\u010fte nedbale elegantn\u00ed s ofinou. Je to sice trochu nepraktick\u00e1 z\u00e1le\u017eitost, kdy\u017e je ale ust\u0159i\u017een\u00e1 spr\u00e1vn\u011b, tolik pr\u00e1ce jej\u00ed \u00faprava zase nezabere.                                                                                                                                                                                                                                                                                                                                                                                        4.5\/5 - (10 votes)        "},{"@context":"https:\/\/schema.org\/","@type":"BreadcrumbList","itemListElement":[{"@type":"ListItem","position":1,"name":"Nov\u00e9 m\u00f3dn\u00ed trendy","item":"https:\/\/www.widenet.cz\/nove-modni-trendy\/#breadcrumbitem"}]}]