[{"@context":"https:\/\/schema.org\/","@type":"Article","@id":"https:\/\/www.widenet.cz\/na-kdy-je-nejlepsi-naplanovat-svatbu\/#Article","mainEntityOfPage":"https:\/\/www.widenet.cz\/na-kdy-je-nejlepsi-naplanovat-svatbu\/","headline":"Na kdy je nejlep\u0161\u00ed napl\u00e1novat svatbu?","name":"Na kdy je nejlep\u0161\u00ed napl\u00e1novat svatbu?","description":"V\u00e1\u0161 milovan\u00fd se vyslovil a vy pomalu p\u0159ij\u00edm\u00e1te gratulace z v\u0161ech stran. Rodina, p\u0159\u00e1tel\u00e9 dokonce [&hellip;]","datePublished":"2019-12-07","dateModified":"2023-04-27","author":{"@type":"Person","@id":"https:\/\/www.widenet.cz\/author\/#Person","name":"","url":"https:\/\/www.widenet.cz\/author\/","identifier":1,"image":{"@type":"ImageObject","@id":"https:\/\/secure.gravatar.com\/avatar\/614460c3109f6ef46730ae87c5e2be623f574940fabcec1214dc0d8d5af688cf?s=96&d=mm&r=g","url":"https:\/\/secure.gravatar.com\/avatar\/614460c3109f6ef46730ae87c5e2be623f574940fabcec1214dc0d8d5af688cf?s=96&d=mm&r=g","height":96,"width":96}},"publisher":{"@type":"Organization","name":"widenet.cz","logo":{"@type":"ImageObject","@id":"\/logo.png","url":"\/logo.png","width":600,"height":60}},"image":{"@type":"ImageObject","@id":"https:\/\/www.widenet.cz\/wp-content\/uploads\/img_a369224_w1731_t1581409677.jpg","url":"https:\/\/www.widenet.cz\/wp-content\/uploads\/img_a369224_w1731_t1581409677.jpg","height":0,"width":0},"url":"https:\/\/www.widenet.cz\/na-kdy-je-nejlepsi-naplanovat-svatbu\/","about":["L\u00e1ska a sex"],"wordCount":469,"articleBody":"V\u00e1\u0161 milovan\u00fd se vyslovil a vy pomalu p\u0159ij\u00edm\u00e1te gratulace z v\u0161ech stran. Rodina, p\u0159\u00e1tel\u00e9 dokonce i kolegov\u00e9 v pr\u00e1ci jsou nad\u0161eni a velice zv\u011bdav\u00ed jak\u00fd bude v\u00e1\u0161 jedine\u010dn\u00fd den!   Sama jste mo\u017en\u00e1 u\u017e o t\u00e9to chv\u00edli snila jako mal\u00e1 hol\u010di\u010dka, kter\u00e1 \u010dek\u00e1 na prince na b\u00edl\u00e9m koni. U\u017eijte si sv\u016fj den a nenechte si ho zkazit. Ud\u011blejte si seznam, co je pro v\u00e1s d\u016fle\u017eit\u00e9 a m\u016f\u017eete za\u010d\u00edt pl\u00e1novat, v p\u0159\u00edprav\u00e1ch v\u00e1m m\u016f\u017ee takt\u00e9\u017e pomoci svatebn\u00ed koordin\u00e1tor, kter\u00e9mu sd\u011bl\u00edte ve\u0161ker\u00e9 sv\u00e9 po\u017eadavky a on v\u0161e za\u0159\u00edd\u00ed samoz\u0159ejm\u011b v \u00fazk\u00e9 spolupr\u00e1ci a komunikaci p\u0159\u00edmo s v\u00e1mi. To jestli budete svatebn\u00edho koordin\u00e1tora pot\u0159ebovat \u010di ne je pouze na va\u0161\u00ed \u00favaze. V\u00fdhodou rozhodn\u011b je to, \u017ee m\u00e1te voln\u00e9 ruce a za v\u0161e je zodpov\u011bdn\u00fd tento zam\u011bstnanec, na druhou stranu, n\u011bkdo si r\u00e1d za\u0159izuje v\u011bci s\u00e1m, je to prost\u011b \u010dist\u011b na v\u00e1s. Akor\u00e1t po\u010d\u00edtejte s t\u00edm, \u017ee jestli va\u0161e vysn\u011bn\u00e1 svatba je velik\u00e1 jako z poh\u00e1dky, ur\u010dit\u011b n\u011bkoho k ruce na pomoc pot\u0159ebovat budete. Mo\u017en\u00e1 kamar\u00e1dku, maminku nebo vytvo\u0159te cel\u00fd svatebn\u00ed t\u00fdm! Pr\u00e1ce na p\u0159\u00edprav\u00e1ch je samoz\u0159ejm\u011b spousta, ale v prvn\u00ed \u0159ad\u011b si budete muset vymyslet datum, kdy si \u0159eknete sv\u00e9 ano! Od toho se odv\u00edj\u00ed pak samoz\u0159ejm\u011b v\u0161echny p\u0159\u00edpravy a i ten prvn\u00ed krok, kdy si zarezervujete term\u00edn na matrice.  Kdy je nejvhodn\u011bj\u0161\u00ed term\u00edn? To je t\u011b\u017ek\u00e9 takhle \u0159\u00edct. M\u016f\u017eeme za\u010d\u00edt u kv\u011btna, kter\u00fd podle pranostiky je naprosto nevhodn\u00fd na svatbu. Aby bylo jasno, v dne\u0161n\u00ed dob\u011b to absolutn\u011b neplat\u00ed. Tato pov\u011bra m\u011bla opravdu historick\u00fd z\u00e1klad, \u0161lo o to, kdy\u017e se nev\u011bsta vdala v kv\u011btnu, p\u0159edpokl\u00e1dalo se, \u017ee brzy na to ot\u011bhotn\u00ed. A vzhledem k tomu, \u017ee t\u011bhotenstv\u00ed trv\u00e1 dev\u011bt m\u011bs\u00edc\u016f, potomek se narodil v zim\u011b a d\u00edky d\u0159\u00edv\u011bj\u0161\u00edm neblah\u00fdm podm\u00ednk\u00e1m nemusel p\u0159e\u017e\u00edt, co se t\u00fd\u010de po\u010d\u00e1tku t\u011bhotenstv\u00ed, bylo v tomto p\u0159\u00edpad\u011b neblah\u00e9 pro matku i plod, proto\u017ee byly \u017en\u011b a \u017eeny museli pracovat na pol\u00edch a nikdo na jejich stav nehled\u011bl. Samoz\u0159ejm\u011b to pro n\u011b mohlo m\u00edt v\u00e1\u017en\u00e9 zdravotn\u00ed n\u00e1sledky. Kv\u011bten naopak m\u016f\u017ee b\u00fdt kr\u00e1sn\u00fdm m\u011bs\u00edcem pro va\u0161i svatbu, zvl\u00e1\u0161t\u011b pak na vzpom\u00ednky v podob\u011b fotografi\u00ed, t\u0159eba jedna pod rozkvetlou t\u0159e\u0161n\u00ed?                                                                                                                                                                                                                                                                                                                                                                                         3.6\/5 - (7 votes)        "},{"@context":"https:\/\/schema.org\/","@type":"BreadcrumbList","itemListElement":[{"@type":"ListItem","position":1,"name":"Na kdy je nejlep\u0161\u00ed napl\u00e1novat svatbu?","item":"https:\/\/www.widenet.cz\/na-kdy-je-nejlepsi-naplanovat-svatbu\/#breadcrumbitem"}]}]