[{"@context":"https:\/\/schema.org\/","@type":"Article","@id":"https:\/\/www.widenet.cz\/levne-ubytovani-v-praze-vas-muze-zavest-ke-dvema-vyznamnym-stavbam\/#Article","mainEntityOfPage":"https:\/\/www.widenet.cz\/levne-ubytovani-v-praze-vas-muze-zavest-ke-dvema-vyznamnym-stavbam\/","headline":"Levn\u00e9 ubytov\u00e1n\u00ed v Praze V\u00e1s m\u016f\u017ee zav\u00e9st ke dv\u011bma v\u00fdznamn\u00fdm stavb\u00e1m","name":"Levn\u00e9 ubytov\u00e1n\u00ed v Praze V\u00e1s m\u016f\u017ee zav\u00e9st ke dv\u011bma v\u00fdznamn\u00fdm stavb\u00e1m","description":"Na\u0161e hlavn\u00ed m\u011bsto stoj\u00ed za to nav\u0161t\u011bvovat opakovan\u011b a v\u011bnovat mu v\u00edce pozornosti. Tu si [&hellip;]","datePublished":"2019-09-26","dateModified":"2023-04-27","author":{"@type":"Person","@id":"https:\/\/www.widenet.cz\/author\/#Person","name":"","url":"https:\/\/www.widenet.cz\/author\/","identifier":1,"image":{"@type":"ImageObject","@id":"https:\/\/secure.gravatar.com\/avatar\/614460c3109f6ef46730ae87c5e2be623f574940fabcec1214dc0d8d5af688cf?s=96&d=mm&r=g","url":"https:\/\/secure.gravatar.com\/avatar\/614460c3109f6ef46730ae87c5e2be623f574940fabcec1214dc0d8d5af688cf?s=96&d=mm&r=g","height":96,"width":96}},"publisher":{"@type":"Organization","name":"widenet.cz","logo":{"@type":"ImageObject","@id":"\/logo.png","url":"\/logo.png","width":600,"height":60}},"image":{"@type":"ImageObject","@id":"https:\/\/www.widenet.cz\/wp-content\/uploads\/img_a367437_w1731_t1579865410.jpg","url":"https:\/\/www.widenet.cz\/wp-content\/uploads\/img_a367437_w1731_t1579865410.jpg","height":0,"width":0},"url":"https:\/\/www.widenet.cz\/levne-ubytovani-v-praze-vas-muze-zavest-ke-dvema-vyznamnym-stavbam\/","about":["N\u00e1kupy"],"wordCount":463,"articleBody":"       Na\u0161e hlavn\u00ed m\u011bsto stoj\u00ed za to nav\u0161t\u011bvovat opakovan\u011b a v\u011bnovat mu v\u00edce pozornosti. Tu si rozhodn\u011b zaslou\u017e\u00ed i novodob\u00e9 stavby, kter\u00e9 obdivuj\u00ed turist\u00e9 z cel\u00e9 Evropy. Pokud vyu\u017eijete komfortn\u00ed a z\u00e1rove\u0148 levn\u00e9 ubytov\u00e1n\u00ed v Praze, situovan\u00e9 pobl\u00ed\u017e stanice metra \u010cern\u00fd Most, tato podzemn\u00ed dr\u00e1ha v\u00e1s bezpe\u010dn\u011b doprav\u00ed na jedno zaj\u00edmav\u00e9 m\u00edsto, kde se psaly d\u011bjiny na p\u0159elomu 60. a 70. let minul\u00e9ho stolet\u00ed.   Nejzaj\u00edmav\u011bj\u0161\u00ed \u201estavba stolet\u00ed\u201c V roce 1967 se za\u010dalo s v\u00fdstavbou jedn\u00e9 z nej\u00fa\u017easn\u011bj\u0161\u00edch mostn\u00edch konstrukc\u00ed ve st\u0159edn\u00ed Evrop\u011b. Ano, m\u00e1me na mysli tolik op\u011bvovan\u00fd a z\u00e1rove\u0148 zatracovan\u00fd \u201emost sebevrah\u016f\u201c, kter\u00fd a\u017e do konce obdob\u00ed re\u00e1ln\u00e9ho socialismu nesl n\u00e1zev Most Klementa Gottwalda. Dnes se jmenuje Nuselsk\u00fd, ale jeho kr\u00e1se neubraly ani st\u00e1\u0159\u00ed, ani r\u016fzn\u00e9 n\u00e1zvy. Od roku 1973 slou\u017e\u00ed sv\u00e9mu \u00fa\u010delu nep\u0159etr\u017eit\u011b dodnes, a \u017ee je d\u016fkladn\u011b vyt\u00ed\u017een, dokazuje i zna\u010dn\u00e1 hustota silni\u010dn\u00edho provozu. Uvnit\u0159 tubusu mostn\u00ed konstrukce vede tak\u00e9 \u010d\u00e1st trasy C pra\u017esk\u00e9ho metra a v\u011bzte, \u017ee pohled z v\u00fd\u0161ky \u010dty\u0159iceti metr\u016f do \u00fadol\u00ed stoj\u00ed za to. D\u00e9lka mostu je zhruba 490 metr\u016f, co\u017e je sou\u010dasn\u011b \u0161\u00ed\u0159ka cel\u00e9ho Nuselsk\u00e9ho \u00fadol\u00ed. Zaj\u00edmavost\u00ed je, \u017ee prvn\u00ed zat\u011b\u017ek\u00e1vac\u00ed testy vzty\u010den\u00fdch pil\u00ed\u0159\u016f a mostovky prob\u00edhaly ve form\u011b v\u00fddr\u017ee p\u0159ed tahem raketov\u00fdch motor\u016f, kter\u00e9 vyn\u00e1\u0161ely do vesm\u00edru lod\u011b Sojuz, ale proto\u017ee nedopadly dob\u0159e a mostn\u00ed konstrukce musela b\u00fdt dodate\u010dn\u011b upravena, ustoupilo se jak od dal\u0161\u00edch podobn\u00fdch test\u016f, tak i od publicity. Testov\u00e1n\u00ed v\u0161ak bylo \u00fasp\u011b\u0161n\u00e9 ve form\u011b opakovan\u00fdch j\u00edzd \u0161esti des\u00edtek sov\u011btsk\u00fdch tank\u016f T34 a pozd\u011bji i zku\u0161ebn\u00edch j\u00edzd voz\u016f metra synchronn\u011b s n\u00e1kladn\u00edmi automobily Tatra 148.   Pal\u00e1c kultury aneb Kongresov\u00e9 centrum Praha Nuselsk\u00fd most plynule navazuje na budovu v tzv. neofunkcionalistick\u00e9m slohu. Ta je jedn\u00edm z nejobl\u00edben\u011bj\u0161\u00edch kongresov\u00fdch objekt\u016f na cel\u00e9m sv\u011bt\u011b a byla stav\u011bna v letech 1975 \u2013 1981. Necel\u00fd rok po dokon\u010den\u00ed v\u00fdstavby a p\u0159ed\u00e1n\u00ed do provozu ve\u0159ejnosti se zde nat\u00e1\u010dela filmov\u00e1 sekvence obl\u00edben\u00e9 \u201ekomedie stolet\u00ed\u201c S tebou m\u011b bav\u00ed sv\u011bt. V minulosti bylo po\u010d\u00edt\u00e1no s vyu\u017e\u00edv\u00e1n\u00edm pal\u00e1ce mimo jin\u00e9 pro stranick\u00e9 sjezdy KS\u010c a dnes se tu po\u0159\u00e1daj\u00ed r\u016fzn\u00e1 zased\u00e1n\u00ed, sezonn\u00ed plesy, slavnostn\u00ed spole\u010densk\u00e9 ud\u00e1losti a koncerty. S\u00e1ly maj\u00ed \u0161pi\u010dkovou akustiku, a co byste si nem\u011bli nechat uj\u00edt, je mimo\u0159\u00e1dn\u011b zaj\u00edmav\u00fd v\u00fdhled na panorama Pra\u017esk\u00e9ho hradu.                                                                                                                                                                                                                                                                                                                                                                                          4\/5 - (2 votes)        "},{"@context":"https:\/\/schema.org\/","@type":"BreadcrumbList","itemListElement":[{"@type":"ListItem","position":1,"name":"Levn\u00e9 ubytov\u00e1n\u00ed v Praze V\u00e1s m\u016f\u017ee zav\u00e9st ke dv\u011bma v\u00fdznamn\u00fdm stavb\u00e1m","item":"https:\/\/www.widenet.cz\/levne-ubytovani-v-praze-vas-muze-zavest-ke-dvema-vyznamnym-stavbam\/#breadcrumbitem"}]}]