[{"@context":"https:\/\/schema.org\/","@type":"Article","@id":"https:\/\/www.widenet.cz\/co-je-to-regresni-terapie\/#Article","mainEntityOfPage":"https:\/\/www.widenet.cz\/co-je-to-regresni-terapie\/","headline":"Co je to regresn\u00ed terapie","name":"Co je to regresn\u00ed terapie","description":"P\u0159edstavte si, \u017ee to, co pr\u00e1v\u011b pro\u017e\u00edv\u00e1te, nen\u00ed ? v\u00e1\u0161 prvn\u00ed pobyt na t\u00e9to zemi. [&hellip;]","datePublished":"2019-12-21","dateModified":"2023-09-19","author":{"@type":"Person","@id":"https:\/\/www.widenet.cz\/author\/#Person","name":"","url":"https:\/\/www.widenet.cz\/author\/","identifier":1,"image":{"@type":"ImageObject","@id":"https:\/\/secure.gravatar.com\/avatar\/614460c3109f6ef46730ae87c5e2be623f574940fabcec1214dc0d8d5af688cf?s=96&d=mm&r=g","url":"https:\/\/secure.gravatar.com\/avatar\/614460c3109f6ef46730ae87c5e2be623f574940fabcec1214dc0d8d5af688cf?s=96&d=mm&r=g","height":96,"width":96}},"publisher":{"@type":"Organization","name":"widenet.cz","logo":{"@type":"ImageObject","@id":"\/logo.png","url":"\/logo.png","width":600,"height":60}},"image":{"@type":"ImageObject","@id":"https:\/\/www.widenet.cz\/wp-content\/uploads\/img_a368658_w1731_t1580976257.jpg","url":"https:\/\/www.widenet.cz\/wp-content\/uploads\/img_a368658_w1731_t1580976257.jpg","height":0,"width":0},"url":"https:\/\/www.widenet.cz\/co-je-to-regresni-terapie\/","about":["Zdrav\u00ed a \u017eivotn\u00ed styl"],"wordCount":431,"articleBody":"        P\u0159edstavte si, \u017ee to, co pr\u00e1v\u011b pro\u017e\u00edv\u00e1te,  nen\u00ed ? v\u00e1\u0161 prvn\u00ed pobyt na t\u00e9to zemi. Ji\u017e v minulosti si va\u0161e du\u0161e pro\u017eila jeden \u010di v\u00edce \u017eivot\u016f, ov\u0161em v\u017edy na ty p\u0159edchoz\u00ed zapomn\u011bla. Nen\u00ed to l\u00e1kav\u00e1 p\u0159edstava? Mo\u017en\u00e1 jsme byli n\u011bkterou ze slavn\u00fdch historick\u00fdch osobnost\u00ed, nebo jsme m\u011bli zvl\u00e1\u0161\u0165 tragick\u00fd osud. T\u0159eba jsme \u017eili v na\u0161\u00ed obl\u00edben\u00e9 epo\u0161e minulosti. Jen kdybychom nezapomn\u011bli\u2026 a pr\u00e1v\u011b o toto se zaj\u00edm\u00e1 regresn\u00ed terapie.  Ta tvrd\u00ed, \u017ee za pomoci ur\u010dit\u00fdch technik, zahrnuj\u00edc\u00edch nap\u0159\u00edklad hypn\u00f3zu, ale i jin\u00e9, je schopna pomoci n\u00e1m vzpomenout si, co jsme v minul\u00fdch \u017eivotech pro\u017eili. Tvrd\u00ed tak\u00e9, \u017ee to m\u016f\u017ee b\u00fdt zdroj na\u0161ich fobi\u00ed a traumat \u2013 nap\u0159\u00edklad kdo nesnese v\u00fd\u0161ky, s nimi m\u011bl v minul\u00e9m \u017eivot\u011b \u0161patnou zku\u0161enost \u2013 nap\u0159\u00edklad zem\u0159el po p\u00e1du ze sk\u00e1ly. Je v\u0161ak nutno p\u0159edeslat, \u017ee doposud nebylo nijak v\u011bdecky prok\u00e1z\u00e1no, zda skute\u010dn\u011b \u201e\u017eijeme\u201c poprv\u00e9, nebo zda je to ji\u017e n\u00e1\u0161 n\u011bkolik\u00e1t\u00fd pokus. Regresn\u00ed terapie v\u0161ak s touto ot\u00e1zkou pracuje jako s faktem. Podle n\u00ed nen\u00ed \u017e\u00e1dn\u00fdch pochybnost\u00ed, \u017ee ka\u017ed\u00fd z n\u00e1s tu ji\u017e minim\u00e1ln\u011b jednou \u201ebyl\u201c. Nab\u00edz\u00ed n\u00e1m tedy pomoc ve zji\u0161t\u011bn\u00ed, co jsme pro\u017eili p\u0159ed na\u0161\u00edm narozen\u00edm, a p\u0159\u00edpadn\u011b odhalit zdroj na\u0161ich traumat \u010di dokonce nemoc\u00ed. Tvrd\u00ed toti\u017e, \u017ee i za n\u011bkter\u00e9 vrozen\u00e9 nemoci, nap\u0159\u00edklad astma, mohou p\u0159edchoz\u00ed z\u00e1\u017eitky. Ji\u017e zm\u00edn\u011bn\u00e9 astma je pr\u00fd zp\u016fsobeno nap\u0159\u00edklad t\u00edm, \u017ee jsme zem\u0159eli udu\u0161en\u00edm, nebo nap\u0159\u00edklad po z\u00e1sahu bojov\u00fdm plynem v prvn\u00ed sv\u011btov\u00e9 v\u00e1lce, \u010di v plynov\u00fdch komor\u00e1ch koncentra\u010dn\u00edch t\u00e1bor\u016f v t\u00e9 druh\u00e9. Nepom\u016f\u017ee n\u00e1m to sice na\u0161e probl\u00e9my odstranit, budeme ale zn\u00e1t jejich p\u0159\u00ed\u010dinu. Dnes se tato sezen\u00ed po\u0159\u00e1daj\u00ed na nejr\u016fzn\u011bj\u0161\u00edch m\u00edstech po cel\u00e9m sv\u011bt\u011b, a to i v \u010cesk\u00e9 republice, konkr\u00e9tn\u011b nap\u0159\u00edklad v Praze. A p\u0159esto\u017ee neexistuje \u017e\u00e1dn\u00fd d\u016fkaz, \u017ee tato terapie funguje, m\u00e1 st\u00e1le spoustu klient\u016f, kte\u0159\u00ed maj\u00ed n\u011bjak\u00e9 pot\u00ed\u017ee, nebo jen zkr\u00e1tka cht\u011bj\u00ed v\u011bd\u011bt, k\u00fdm d\u0159\u00edve byli. Proto se nen\u00ed t\u0159eba ob\u00e1vat, \u017ee vy se v dohledn\u00e9 dob\u011b vytratila. To skute\u010dn\u011b nehroz\u00ed.                                                                                                                                                                                                                                                                                                                                                                                          3.2\/5 - (10 votes)        "},{"@context":"https:\/\/schema.org\/","@type":"BreadcrumbList","itemListElement":[{"@type":"ListItem","position":1,"name":"Co je to regresn\u00ed terapie","item":"https:\/\/www.widenet.cz\/co-je-to-regresni-terapie\/#breadcrumbitem"}]}]